{"id":95006,"date":"2016-02-13T11:58:04","date_gmt":"2016-02-13T08:58:04","guid":{"rendered":"http:\/\/www.sursamedicala.ro\/?p=95006"},"modified":"2016-02-13T11:59:40","modified_gmt":"2016-02-13T08:59:40","slug":"anunt-important-pentru-rezidenti","status":"publish","type":"post","link":"https:\/\/www.sursamedicala.ro\/blog\/anunt-important-pentru-rezidenti\/","title":{"rendered":"Anun\u021b important pentru reziden\u021bi"},"content":{"rendered":"<p>Ministerul S\u0103n\u0103t\u0103\u0163ii anun\u0163\u0103 c\u0103 va organiza \u00een perioada februarie-martie 2016, prima sesiune de schimbare a centrelor de preg\u0103tire pentru reziden\u0163i din acest an.<\/p>\n<p>Depunerea cererilor se va face la direc\u0163iile de s\u0103n\u0103tate public\u0103 din centrele universitare \u00een care se solicit\u0103 continuarea preg\u0103tirii \u00een perioada 15-29 februarie 2016, inclusiv.<\/p>\n<p>Pentru aceast\u0103 sesiune de schimbare a centrelor de preg\u0103tire au fost stabilite urm\u0103toarele criterii pe baza c\u0103rora se vor analiza aceste solicit\u0103ri:<\/p>\n<ol>\n<li>anul de reziden\u0163iat ( VII, VI&#8230;. I);<\/li>\n<li>unic sus\u0163in\u0103tor al unui copil minor;<\/li>\n<li>so\u0163\/so\u0163ie cu loc de munc\u0103 \u00een centrul universitar solicitat \u015fi av\u00e2nd \u00een \u00eengrijire copii<\/li>\n<li>so\u0163\/so\u0163ie cu loc de munc\u0103 \u00een centrul universitar solicitat;<\/li>\n<li>locuin\u0163\u0103 \u00een centrul universitar solicitat;<\/li>\n<li>p\u0103rin\u0163i bolnavi sau alte persoane \u00een \u00eentre\u0163inere \u00een centrul universitar solicitat.<\/li>\n<\/ol>\n<p>\u00cen situa\u0163iile \u00een care num\u0103rul solicit\u0103rilor dep\u0103\u015fe\u015fte num\u0103rul de locuri anun\u0163at, cei \u00een cauza pot beneficia de deta\u015f\u0103ri pentru module de preg\u0103tire pentru care capacitatea de preg\u0103tire nu este dep\u0103\u015fit\u0103.<\/p>\n<p>Potrivit prevederilor art.20, alin.(2) din Ordinul Comun MSP \u015fi MECTS nr. privind modul de efectuare a preg\u0103tirii prin reziden\u0163iat \u00een specialit\u0103\u0163ile prev\u0103zute de Nomenclatorul specialit\u0103\u0163ilor medicale, medico-dentare \u015fi farmaceutice pentru re\u0163eaua de asisten\u0163\u0103 medical\u0103, cu modific\u0103rile \u015fi complet\u0103rile ulterioare, \u00een vederea schimb\u0103rii centrului de preg\u0103tire, reziden\u0163ii interesa\u0163i vor prezenta avizele conducerii universit\u0103\u0163ilor de medicin\u0103 \u015fi farmacie din centrele implicate, avizul direc\u0163iei de s\u0103n\u0103tate public\u0103 \u015fi al unui coordonator de program, respectiv director de program \u00een specialitatea \u00een care sunt confirma\u0163i, din centrul universitar \u00een care urmeaz\u0103 s\u0103 se preg\u0103teasc\u0103. Reziden\u0163ii \u00een medicin\u0103 de familie vor prezenta numai avizul direc\u0163iilor de s\u0103n\u0103tate public\u0103 \u015fi al coordonatorilor de program, de plecare \u015fi de primire.<\/p>\n<p>Reziden\u0163ii pe post vor prezenta \u015fi avizul unit\u0103\u0163ii sanitare cu care au \u00eencheiat contract individual de munc\u0103 pe durat\u0103 nedeterminat\u0103.<\/p>\n<p>To\u0163i solicitan\u0163ii vor prezenta acte justificative privind motivele cererii.<\/p>\n<p>Direc\u0163iile de s\u0103n\u0103tate public\u0103 vor transmite prin e-mail Ministerului S\u0103n\u0103t\u0103\u0163ii tabelele cu solicit\u0103rile \u00eenregistrate p\u00e2n\u0103 cel t\u00e2rziu la data de 3 mart.2016. Tabelele (in format Excel) cu solicit\u0103rile \u00eenregistrate, vor cuprinde urm\u0103toarele rubrici:<\/p>\n<ul>\n<li>numele \u015fi prenumele;<\/li>\n<li>specialitatea;<\/li>\n<li>rezident pe loc\/post<\/li>\n<li>unitatea sanitar\u0103 de \u00eencadrare;<\/li>\n<li>anul de reziden\u0163iat;<\/li>\n<li>centrul universitar \u00een care se preg\u0103te\u015fte;<\/li>\n<li>centrul universitar solicitat;<\/li>\n<li>motivele solicit\u0103rii (pe scurt)<\/li>\n<\/ul>\n<p>Afi\u015farea solicit\u0103rilor aprobate se va face pe site-ul Ministerului S\u0103n\u0103t\u0103\u0163ii la data de 15 martie 2016. \u00cencadrarea \u00een noile centre de preg\u0103tire se va face \u00eencep\u00e2nd cu luna aprilie 2016.<\/p>\n<p>In link-ul de mai jos gasiti lista locurilor disponibile pentru aceast\u0103 sesiune de schimbare a centrelor de preg\u0103tire.<\/p>\n<p><a href=\"http:\/\/www.ms.ro\/documente\/anunt%20site%20sesiune%20transfer_15742_18933.pdf\" target=\"_blank\">Descarcati document<\/a><\/p>\n<p>&nbsp;<\/p>\n<p>sursa: ms.ro<\/p>\n","protected":false},"excerpt":{"rendered":"<p>Ministerul S\u0103n\u0103t\u0103\u0163ii anun\u0163\u0103 c\u0103 va organiza \u00een perioada februarie-martie 2016, prima sesiune de schimbare a centrelor de preg\u0103tire pentru reziden\u0163i din acest an. Depunerea cererilor se va face la direc\u0163iile de s\u0103n\u0103tate public\u0103 din centrele universitare \u00een care se solicit\u0103 continuarea preg\u0103tirii \u00een perioada 15-29 februarie 2016, inclusiv. Pentru aceast\u0103 sesiune de schimbare a centrelor [&hellip;]<\/p>\n","protected":false},"author":1,"featured_media":29371,"comment_status":"open","ping_status":"open","sticky":false,"template":"","format":"standard","meta":{"_bbp_topic_count":0,"_bbp_reply_count":0,"_bbp_total_topic_count":0,"_bbp_total_reply_count":0,"_bbp_voice_count":0,"_bbp_anonymous_reply_count":0,"_bbp_topic_count_hidden":0,"_bbp_reply_count_hidden":0,"_bbp_forum_subforum_count":0,"_monsterinsights_skip_tracking":false,"_monsterinsights_sitenote_active":false,"_monsterinsights_sitenote_note":"","_monsterinsights_sitenote_category":0,"tdm_status":"","tdm_grid_status":"","footnotes":""},"categories":[32,1104],"tags":[1057,1150,26],"class_list":{"0":"post-95006","1":"post","2":"type-post","3":"status-publish","4":"format-standard","5":"has-post-thumbnail","7":"category-comunicate","8":"category-rezidentiat-2015","9":"tag-detalii-repartitie-rezidentiat","10":"tag-rezidentiat-medicina","11":"tag-rezidentiat-medicina-dentara"},"_links":{"self":[{"href":"https:\/\/www.sursamedicala.ro\/blog\/wp-json\/wp\/v2\/posts\/95006","targetHints":{"allow":["GET"]}}],"collection":[{"href":"https:\/\/www.sursamedicala.ro\/blog\/wp-json\/wp\/v2\/posts"}],"about":[{"href":"https:\/\/www.sursamedicala.ro\/blog\/wp-json\/wp\/v2\/types\/post"}],"author":[{"embeddable":true,"href":"https:\/\/www.sursamedicala.ro\/blog\/wp-json\/wp\/v2\/users\/1"}],"replies":[{"embeddable":true,"href":"https:\/\/www.sursamedicala.ro\/blog\/wp-json\/wp\/v2\/comments?post=95006"}],"version-history":[{"count":3,"href":"https:\/\/www.sursamedicala.ro\/blog\/wp-json\/wp\/v2\/posts\/95006\/revisions"}],"predecessor-version":[{"id":95009,"href":"https:\/\/www.sursamedicala.ro\/blog\/wp-json\/wp\/v2\/posts\/95006\/revisions\/95009"}],"wp:featuredmedia":[{"embeddable":true,"href":"https:\/\/www.sursamedicala.ro\/blog\/wp-json\/wp\/v2\/media\/29371"}],"wp:attachment":[{"href":"https:\/\/www.sursamedicala.ro\/blog\/wp-json\/wp\/v2\/media?parent=95006"}],"wp:term":[{"taxonomy":"category","embeddable":true,"href":"https:\/\/www.sursamedicala.ro\/blog\/wp-json\/wp\/v2\/categories?post=95006"},{"taxonomy":"post_tag","embeddable":true,"href":"https:\/\/www.sursamedicala.ro\/blog\/wp-json\/wp\/v2\/tags?post=95006"}],"curies":[{"name":"wp","href":"https:\/\/api.w.org\/{rel}","templated":true}]}}