{"id":94908,"date":"2015-11-23T15:13:37","date_gmt":"2015-11-23T12:13:37","guid":{"rendered":"http:\/\/www.sursamedicala.ro\/?p=94908"},"modified":"2015-11-23T15:13:37","modified_gmt":"2015-11-23T12:13:37","slug":"contractele-individuale-de-munca-rezidentiat-2015","status":"publish","type":"post","link":"https:\/\/www.sursamedicala.ro\/blog\/contractele-individuale-de-munca-rezidentiat-2015\/","title":{"rendered":"Contractele individuale de munc\u0103 &#8211; Reziden\u021biat 2015"},"content":{"rendered":"<p>\u00cen perioada <strong>3 decembrie &#8211; 15 decembrie 2015<\/strong> candida\u021bii care au ales loc \/ post se vor prezenta pentru \u00eencheierea contractelor individuale de munc\u0103 pe durata determinat\u0103 \/ nedeterminat\u0103, astfel:<\/p>\n<ul>\n<li><strong>candida\u021bii care au ales post<\/strong> &#8211; la unitatea sanitar\u0103 care a publicat postul la concurs<\/li>\n<li><strong>candida\u021bii care au ales loc<\/strong> &#8211; la direc\u0163iile de s\u0103n\u0103tate public\u0103 din centrele universitare alese; pentru centrul universitar Bucure\u0219ti \u00eencadrarea se face la spitalul desemnat \u00een func\u021bie de specialitatea aleas\u0103<\/li>\n<\/ul>\n<p><a href=\"http:\/\/rezidentiat.ms.ro\/20151115\/20151115-spital-angajare.pdf\"><img decoding=\"async\" class=\"alignleft lazyload\" data-src=\"http:\/\/rezidentiat.ms.ro\/images\/pdf_icon.gif\" alt=\"\" border=\"0\" src=\"data:image\/svg+xml;base64,PHN2ZyB3aWR0aD0iMSIgaGVpZ2h0PSIxIiB4bWxucz0iaHR0cDovL3d3dy53My5vcmcvMjAwMC9zdmciPjwvc3ZnPg==\" \/><\/a>\u00a0<a href=\"http:\/\/rezidentiat.ms.ro\/20151115\/20151115-spital-angajare.pdf\"><strong>Centrul univ. Bucure\u0219ti &#8211; lista spitalelor de angajare (pl\u0103titoare)<\/strong> (format .pdf)<\/a><\/p>\n<p>Contractul individual de munc\u0103 se va \u00eencheia \u00eencep\u00e2nd cu data de 1 ianuarie 2016, cu respectarea prevederilor Ordonan\u0163ei Guvernului nr.18\/2009 privind organizarea \u0219i finan\u021barea reziden\u021biatului, cu modific\u0103rile \u0219i complet\u0103rile ulterioare, inclusiv ale Decizei nr.5\/2015 a \u00cenaltei Cur\u021bi de Casa\u021bie \u0219i Justi\u021bie.<\/p>\n<p>Reparti\u0163ia pe clinici \u015fi coordonatori de reziden\u0163iat se va face la nivelul direc\u0163iilor de s\u0103n\u0103tate public\u0103 din centrele universitare alese \u00een zilele de 15 \u0219i 16 decembrie 2015 (orele 10,00-16,00), cu excep\u0163ia centrului universitar Bucure\u015fti pentru care aceast\u0103 reparti\u0163ie se va face \u00een zilele de 15, 16, 17 \u0219i 18 decembrie 2015 (orele 10,00-16,00). Programarea reparti\u021biei pe zile \u0219i specialit\u0103\u021bi se va afi\u0219a la sediul direc\u021biilor de s\u0103n\u0103tate public\u0103 din centrele universitare alese; pentru centrul universitar Bucure\u015fti se va afi\u0219a pe acest site.<\/p>\n<p>Reparti\u0163ia pe clinici \u015fi coordonatori se va face pe baza unui <strong>act de identitate<\/strong> \u00een termen de valabilitate (imputernici\u021bii vor prezenta \u0219i <strong>\u00eemputernicirea notarial\u0103<\/strong>) \u0219i a <strong>adeverin\u0163ei eliberat\u0103 de unitatea sanitar\u0103<\/strong> cu care s-a \u00eencheiat contract individual de munc\u0103 pe durata determinat\u0103 sau nedeterminat\u0103, dup\u0103 caz.<\/p>\n<p><strong>Candida\u021bii care de\u021bin un titlu de specialist \u0219i aleg loc\/post au obliga\u021bia ca \u00een termen de 15 zile de la data \u00eencheierii contractului individual de munc\u0103 pe durat\u0103 determinat\u0103 sau nedeterminat\u0103 dup\u0103 caz, s\u0103 transmit\u0103 Ministerul S\u0103n\u0103t\u0103\u021bii (str.Cristian Popi\u0219teanu, nr. 1-3, sector 1, Bucure\u0219ti) angajamentul de plat\u0103 la cea de a doua specialitate.<\/strong><\/p>\n<p>Plata taxei se face \u00een lei, anual, \u00een dou\u0103 tran\u015fe semestriale egale, \u00een termen de maximum 60 de zile calendaristice de la \u00eenceputul semestrului. Neplata taxei \u00een condi\u0163iile stipulate \u00een angajamentul de plat\u0103 atrage excluderea definitiv\u0103 din programul de preg\u0103tire.<\/p>\n<p>Stagiul de preg\u0103tire va \u00eencepe la data de 1 ianuarie 2016.<\/p>\n<p>&nbsp;<\/p>\n<p>sursa: rezidentiat.ms.ro<\/p>\n","protected":false},"excerpt":{"rendered":"<p>\u00cen perioada 3 decembrie &#8211; 15 decembrie 2015 candida\u021bii care au ales loc \/ post se vor prezenta pentru \u00eencheierea contractelor individuale de munc\u0103 pe durata determinat\u0103 \/ nedeterminat\u0103, astfel: candida\u021bii care au ales post &#8211; la unitatea sanitar\u0103 care a publicat postul la concurs candida\u021bii care au ales loc &#8211; la direc\u0163iile de s\u0103n\u0103tate [&hellip;]<\/p>\n","protected":false},"author":1,"featured_media":29371,"comment_status":"open","ping_status":"open","sticky":false,"template":"","format":"standard","meta":{"_bbp_topic_count":0,"_bbp_reply_count":0,"_bbp_total_topic_count":0,"_bbp_total_reply_count":0,"_bbp_voice_count":0,"_bbp_anonymous_reply_count":0,"_bbp_topic_count_hidden":0,"_bbp_reply_count_hidden":0,"_bbp_forum_subforum_count":0,"_monsterinsights_skip_tracking":false,"_monsterinsights_sitenote_active":false,"_monsterinsights_sitenote_note":"","_monsterinsights_sitenote_category":0,"tdm_status":"","tdm_grid_status":"","footnotes":""},"categories":[1104],"tags":[],"class_list":{"0":"post-94908","1":"post","2":"type-post","3":"status-publish","4":"format-standard","5":"has-post-thumbnail","7":"category-rezidentiat-2015"},"_links":{"self":[{"href":"https:\/\/www.sursamedicala.ro\/blog\/wp-json\/wp\/v2\/posts\/94908","targetHints":{"allow":["GET"]}}],"collection":[{"href":"https:\/\/www.sursamedicala.ro\/blog\/wp-json\/wp\/v2\/posts"}],"about":[{"href":"https:\/\/www.sursamedicala.ro\/blog\/wp-json\/wp\/v2\/types\/post"}],"author":[{"embeddable":true,"href":"https:\/\/www.sursamedicala.ro\/blog\/wp-json\/wp\/v2\/users\/1"}],"replies":[{"embeddable":true,"href":"https:\/\/www.sursamedicala.ro\/blog\/wp-json\/wp\/v2\/comments?post=94908"}],"version-history":[{"count":3,"href":"https:\/\/www.sursamedicala.ro\/blog\/wp-json\/wp\/v2\/posts\/94908\/revisions"}],"predecessor-version":[{"id":94911,"href":"https:\/\/www.sursamedicala.ro\/blog\/wp-json\/wp\/v2\/posts\/94908\/revisions\/94911"}],"wp:featuredmedia":[{"embeddable":true,"href":"https:\/\/www.sursamedicala.ro\/blog\/wp-json\/wp\/v2\/media\/29371"}],"wp:attachment":[{"href":"https:\/\/www.sursamedicala.ro\/blog\/wp-json\/wp\/v2\/media?parent=94908"}],"wp:term":[{"taxonomy":"category","embeddable":true,"href":"https:\/\/www.sursamedicala.ro\/blog\/wp-json\/wp\/v2\/categories?post=94908"},{"taxonomy":"post_tag","embeddable":true,"href":"https:\/\/www.sursamedicala.ro\/blog\/wp-json\/wp\/v2\/tags?post=94908"}],"curies":[{"name":"wp","href":"https:\/\/api.w.org\/{rel}","templated":true}]}}